{"id":1278,"date":"2012-02-06T13:16:18","date_gmt":"2012-02-06T11:16:18","guid":{"rendered":"http:\/\/kallekamel.se\/?p=1278"},"modified":"2012-04-15T10:29:53","modified_gmt":"2012-04-15T08:29:53","slug":"en-egen-direktionsvagn","status":"publish","type":"post","link":"https:\/\/kallekamel.se\/?p=1278","title":{"rendered":"En egen direktionsvagn!"},"content":{"rendered":"<p>KALLE KAMEL OCH HANS FAMILJ HAR F\u00c5TT EN EGEN DIREKTIONSVAGN<\/p>\n<p><a href=\"https:\/\/media.kallekamel.se\/2012\/04\/DSC02029.jpg\" target=\"blank\" ><img loading=\"lazy\" decoding=\"async\" src=\"https:\/\/media.kallekamel.se\/2012\/04\/DSC02029-1024x768.jpg\" alt=\"\" title=\"direktionsvagn\" width=\"640\" height=\"480\" class=\"aligncenter size-large wp-image-1366\" srcset=\"https:\/\/media.kallekamel.se\/2012\/04\/DSC02029-1024x768.jpg 1024w, https:\/\/media.kallekamel.se\/2012\/04\/DSC02029-300x225.jpg 300w\" sizes=\"auto, (max-width: 640px) 100vw, 640px\" \/><\/a><\/p>\n<p>H\u00e4r inspekterar vi v\u00e5r nya direktionsvagn.<br \/>\nVi har enats om att inte som v\u00e5ra sl\u00e4ktingar i Afghanistan \u00e5ka p\u00e5 flaket, men bilen \u00e4r bra att k\u00f6ra hem grejor till oss p\u00e5.<br \/>\nVi trivs b\u00e4st h\u00e4r hemma i Gamla Viker och \u00e5ker ingenstans, utan<br \/>\n\u00a0l\u00e5ter andra sk\u00f6ta transporterna.<\/p>\n","protected":false},"excerpt":{"rendered":"<p>KALLE KAMEL OCH HANS FAMILJ HAR F\u00c5TT EN EGEN DIREKTIONSVAGN H\u00e4r inspekterar vi v\u00e5r nya direktionsvagn. Vi har enats om att inte som v\u00e5ra sl\u00e4ktingar i Afghanistan \u00e5ka p\u00e5 flaket, men bilen \u00e4r bra att k\u00f6ra hem grejor till oss &hellip; <a href=\"https:\/\/kallekamel.se\/?p=1278\">Forts\u00e4tt l\u00e4sa <span class=\"meta-nav\">&rarr;<\/span><\/a><\/p>\n","protected":false},"author":1,"featured_media":0,"comment_status":"closed","ping_status":"closed","sticky":false,"template":"","format":"standard","meta":{"footnotes":""},"categories":[3],"tags":[74,73,50,14,11,72],"class_list":["post-1278","post","type-post","status-publish","format-standard","hentry","category-nyheter","tag-bil","tag-direktionsvagn","tag-foretagare","tag-kalle","tag-kameler","tag-logga"],"_links":{"self":[{"href":"https:\/\/kallekamel.se\/index.php?rest_route=\/wp\/v2\/posts\/1278","targetHints":{"allow":["GET"]}}],"collection":[{"href":"https:\/\/kallekamel.se\/index.php?rest_route=\/wp\/v2\/posts"}],"about":[{"href":"https:\/\/kallekamel.se\/index.php?rest_route=\/wp\/v2\/types\/post"}],"author":[{"embeddable":true,"href":"https:\/\/kallekamel.se\/index.php?rest_route=\/wp\/v2\/users\/1"}],"replies":[{"embeddable":true,"href":"https:\/\/kallekamel.se\/index.php?rest_route=%2Fwp%2Fv2%2Fcomments&post=1278"}],"version-history":[{"count":8,"href":"https:\/\/kallekamel.se\/index.php?rest_route=\/wp\/v2\/posts\/1278\/revisions"}],"predecessor-version":[{"id":1367,"href":"https:\/\/kallekamel.se\/index.php?rest_route=\/wp\/v2\/posts\/1278\/revisions\/1367"}],"wp:attachment":[{"href":"https:\/\/kallekamel.se\/index.php?rest_route=%2Fwp%2Fv2%2Fmedia&parent=1278"}],"wp:term":[{"taxonomy":"category","embeddable":true,"href":"https:\/\/kallekamel.se\/index.php?rest_route=%2Fwp%2Fv2%2Fcategories&post=1278"},{"taxonomy":"post_tag","embeddable":true,"href":"https:\/\/kallekamel.se\/index.php?rest_route=%2Fwp%2Fv2%2Ftags&post=1278"}],"curies":[{"name":"wp","href":"https:\/\/api.w.org\/{rel}","templated":true}]}}